{"id":5809,"date":"2023-03-02T11:14:52","date_gmt":"2023-03-02T10:14:52","guid":{"rendered":"https:\/\/mandragoracosmetica.com\/el-mapa-mental\/"},"modified":"2023-03-06T16:25:22","modified_gmt":"2023-03-06T15:25:22","slug":"el-mapa-mental","status":"publish","type":"post","link":"https:\/\/mandragoracosmetica.com\/ca\/el-mapa-mental\/","title":{"rendered":"El mapa mental"},"content":{"rendered":"<p>[et_pb_section fb_built=&#8221;1&#8243; admin_label=&#8221;section&#8221; _builder_version=&#8221;4.16&#8243; global_colors_info=&#8221;{}&#8221;][et_pb_row admin_label=&#8221;row&#8221; _builder_version=&#8221;4.16&#8243; background_size=&#8221;initial&#8221; background_position=&#8221;top_left&#8221; background_repeat=&#8221;repeat&#8221; global_colors_info=&#8221;{}&#8221;][et_pb_column type=&#8221;4_4&#8243; _builder_version=&#8221;4.16&#8243; custom_padding=&#8221;|||&#8221; global_colors_info=&#8221;{}&#8221; custom_padding__hover=&#8221;|||&#8221;][et_pb_text admin_label=&#8221;Text&#8221; _builder_version=&#8221;4.16&#8243; background_size=&#8221;initial&#8221; background_position=&#8221;top_left&#8221; background_repeat=&#8221;repeat&#8221; global_colors_info=&#8221;{}&#8221;]<\/p>\n<\/p>\n<\/p>\n<p>&nbsp;<\/p>\n<p>Ya hace a\u00f1os que el tema de como representamos el mundo y la imagen que nos formamos de este me parece un <span class=\"hiddenSpellError\" onkeypress=\"MORFOLOGIK_RULE_ES---#---undefined---#---Se ha encontrado un posible error ortogr\u00e1fico.---#---temor#tim\u00f3n#tel\u00f3n#temen#tej\u00f3n#tes\u00f3n#temo#teman#tet\u00f3n#Tenon#Tim\u00f3n---#---tem\u00f3n\">tem\u00f3n<\/span> y desde que tuve a mi primer hijo que el debate volvi\u00f3 a mi mente y a mi entorno. A veces os voy contando como surgi\u00f3 este proyecto y nunca repito la misma historia \ud83d\ude42<\/p>\n<p>Porque es un proyecto de vida, una forma en la que siento que puedo colaborar a esta creaci\u00f3n de un mundo nuevo que <span class=\"hiddenSpellError\" onkeypress=\"MORFOLOGIK_RULE_ES---#---undefined---#---Se ha encontrado un posible error ortogr\u00e1fico.---#---tantos#tantas---#---tantxs\">tantxs<\/span> <span class=\"hiddenSpellError\" onkeypress=\"MORFOLOGIK_RULE_ES---#---undefined---#---Se ha encontrado un posible error ortogr\u00e1fico.---#---anhelamos#anulamos#apelamos#acechamos#anexamos#afelpamos#ahechamos#aheleamos#alelamos#amechamos#amelgamos#anclamos#aneblamos#anegamos#anejamos#anillamos#apechamos#apeldamos#apellamos#arelamos#asechamos#a\u00f1ejamos#panelamos---#---anelhamos\">anelhamos<\/span>&#8230; y esto no es ni simple ni f\u00e1cil y tiene mil matices y mil puntos de mira que abordar.<br \/>Por esto hoy os vengo a compartir una reflexi\u00f3n de la imagen que tenemos del mundo, obviamente de modo sencillo y supersimplificado porque no es mi tema empezar a escribir p\u00e1ginas sobre esto (ni sabr\u00eda hacerlo).<br \/>Hubo un d\u00eda en que vi un grafitti de un mapamundi \u00abal rev\u00e9s\u00bb y cambi\u00f3 mi perspectiva. Esta imagen me hizo pensar, me llev\u00f3 a compartir ideas y a sacar muchas conclusiones.<\/p>\n<p>Europa y estados unidos representamos muy muy poco en cuanto a porcentaje de superficie terrestre, por lo que, aun ser espacios de tierra muy interesantes, preciosos y con sus recursos, tampoco tenemos tantos como seguramente nuestro mapa mental nos hace ver.<\/p>\n<p>El resto del mundo es <span class=\"hiddenSpellError\" onkeypress=\"MORFOLOGIK_RULE_ES---#---undefined---#---Se ha encontrado un posible error ortogr\u00e1fico.---#---muy#mutua#mutuo#maguey#mutuas#mutuos#murmullo#maqui#murmulla#murmull\u00f3#Malaui#Misuri#Murphy#cuicuy#muguet#multi#muni#murmulle#murmull\u00e1#murmull\u00e9#murucuy\u00e1#musuca#musuco#mutual#m\u00facura#m\u00fatula#m\u00fatulo#Moutai#Suzuki---#---muuuuy\">muuuuy<\/span> grande, \u00c1frica, por ejemplo, es enorme, y puede estar en el centro del mapa o arriba o a un lado (dicen los astr\u00f3nomos que hasta donde saben, no existe realmente un arriba o abajo en el espacio) y aunque <span class=\"hiddenSpellError\" onkeypress=\"MORFOLOGIK_RULE_ES---#---undefined---#---Se ha encontrado un posible error ortogr\u00e1fico.---#---todos#todas#todis---#---todxs\">todxs<\/span> sabemos eso de forma te\u00f3rica, la imagen mental es muy condicionante de la forma en la que nos situamos en el mundo, en el vivir diario y en las relaciones con las otras personas.<\/p>\n<p>As\u00ed pues, s\u00faper resumidamente, unas dos zonas del mundo muy peque\u00f1as acaparamos los recursos del resto del planeta e intentamos imposibilitar de diferentes maneras que las personas del resto del mundo nos copien la <span class=\"hiddenSuggestion\" onkeypress=\"ES_REPEATEDWORDS_FORMA---#---undefined---#---Esta palabra ya ha aparecido en una de las frases &lt;br\/&gt;inmediatamente anteriores. Puede usar un sin\u00f3nimo &lt;br\/&gt;para hacer m\u00e1s interesante el texto, excepto si la &lt;br\/&gt;repetici\u00f3n es intencionada.---#---manera#modo#suerte#guisa---#---forma\">forma<\/span> de vivir y organizarnos como sociedad, les explotamos sus tierras y recursos. \u00bfHemos pensado realmente que pasar\u00eda si todo el mundo viviera de la misma manera que un ciudadano medio europeo? Si <span class=\"hiddenSpellError\" onkeypress=\"MORFOLOGIK_RULE_ES---#---undefined---#---Se ha encontrado un posible error ortogr\u00e1fico.---#---nosotros#nosotras---#---nosotres\">nosotres<\/span> no estuvi\u00e9ramos arriba y en el centro del mapa y con un s\u00faper <span class=\"hiddenGrammarError\" onkeypress=\"ES_SIMPLE_REPLACE_ZOOM---#---undefined---#---\u00bfQuer\u00eda decir \u00abzum\u00bb?---#---zum#Zoom---#---zoom\">zoom<\/span> que nos agranda haci\u00e9ndonos muy importantes&#8230; Realmente&#8230; nuestras comodidades quedar\u00edan en casi 0.<\/p>\n<p>Me inspiran profundamente unas palabras de Jose luis sampedro donde habla del arte de vivir, no del arte de hacer cosas&#8230; S\u00ed, aqu\u00ed no sabemos vivir.<br \/>Nuestro hacer cosas, nuestro buscar la comodidad infinita, esa que nos hace esclavas y a la vez esclaviza al mundo&#8230; y este entorno que a la vez hace mucho m\u00e1s dif\u00edcil realizarnos en el arte de vivir. \u00bfPara <span class=\"hiddenGrammarError\" onkeypress=\"QUE---#---2---#---Si es interrogativo (=qu\u00e9 cosa), se escribe con &lt;br\/&gt;tilde.---#---qu\u00e9---#---que---#---https:\/\/www.rae.es\/consultas\/tilde-en-que-cuales-quienes-como-cuan-cuantoaosas-cuando-donde-y-adonde\">que<\/span> vivimos? Vivimos para vivir&#8230;<\/p>\n<p>Pues bien, este proyecto se crea desde ah\u00ed tambi\u00e9n, desde el convencimiento de que nuestras comodidades no son sostenibles, por eso me quit\u00e9 todas las comodidades que pude y viv\u00ed y fui m\u00e1s lo que yo era, lo que yo soy y desde ah\u00ed sali\u00f3 todo esto que ahora os muestro.<\/p>\n<p>He recuperado algunas comodidades y mi vida sigue sin ser del todo sostenible<span class=\"hiddenGrammarError\" onkeypress=\"COMMA_PERO---#---1---#---En la mayor\u00eda de los casos la conjunci\u00f3n \u2018pero\u2019 va &lt;br\/&gt;precedida de una coma.---#---, pero---#--- pero---#---https:\/\/www.fundeu.es\/recomendacion\/pero-con-coma-usos-apropiados\/\"> pero<\/span> ah\u00ed seguimos&#8230; y todo esto se me une con otra reflexi\u00f3n que como siempre que uno reflexiones recae en los cuidados.<\/p>\n<p>La comodidad, desde mi punto de vista, recae en los cuidados, en una red que cuida y se siente cuidada. Cuando nos cuidamos y nos cuidan: cuidamos y cuando esto se da, muchas de nuestras comodidades (falsas comodidades) ya no son tan necesarias. Y ah\u00ed reivindico como siempre la necesidad de tribu, porque esto solo se da viviendo en tribu&#8230;<br \/>Y esta capacidad de vivir en grupo, de entenderse con mucha gente, es lo que nos han robado a cambio de falsos tesoros muy brillantes y vac\u00edos&#8230; aqu\u00ed ya nadie se casa con nadie, ni tan solo podemos comprometernos ya con otra persona y con todas sus virtudes y defectos, momentos oscuros y brillantes, pasado, familia, relaciones\u2026 Es la era del individualismo, las relaciones y tribus virtuales en nuestra casa autosuficiente conectada a las redes el\u00e9ctricas y de internet&#8230; ya no cuidamos ni nuestra casa, ni nuestro cuerpo, somos automatas sirviendo a un sistema que ya poco le queda para ofrecernos&#8230;<\/p>\n<p>Y es dif\u00edcil sostener una vida sin las comodidades a las que estamos acostumbradas o por lo menos, vemos que existen y parece que est\u00e1n m\u00e1s o menos a nuestro alcance&#8230; y es dif\u00edcil crear una tribu real y casarte con mucha gente a la vez, cuantas cosas se remueven, cuanto ego que decapitar&#8230; cuanto crecimiento&#8230;<\/p>\n<p>\u00bfTe atreves a girar tu mapa?<\/p>\n<p>&nbsp;<\/p>\n<\/p>\n<p>[\/et_pb_text][\/et_pb_column][\/et_pb_row][\/et_pb_section][et_pb_section fb_built=&#8221;1&#8243; _builder_version=&#8221;4.16&#8243; _module_preset=&#8221;default&#8221; custom_padding=&#8221;0px|||||&#8221; global_colors_info=&#8221;{}&#8221;][et_pb_row _builder_version=&#8221;4.16&#8243; _module_preset=&#8221;default&#8221; global_colors_info=&#8221;{}&#8221;][et_pb_column type=&#8221;4_4&#8243; _builder_version=&#8221;4.16&#8243; _module_preset=&#8221;default&#8221; global_colors_info=&#8221;{}&#8221;][et_pb_image src=&#8221;https:\/\/mandragoracosmetica.com\/wp-content\/uploads\/2022\/02\/IMG20200906100644-scaled.jpg&#8221; _builder_version=&#8221;4.16&#8243; _module_preset=&#8221;default&#8221; global_colors_info=&#8221;{}&#8221;][\/et_pb_image][\/et_pb_column][\/et_pb_row][\/et_pb_section]<\/p>\n","protected":false},"excerpt":{"rendered":"<p>&nbsp; Ya hace a\u00f1os que el tema de como representamos el mundo y la imagen que nos formamos de este me parece un tem\u00f3n y desde que tuve a mi primer hijo que el debate volvi\u00f3 a mi mente y a mi entorno. A veces os voy contando como surgi\u00f3 este proyecto y nunca repito [&hellip;]<\/p>\n","protected":false},"author":1,"featured_media":5847,"comment_status":"open","ping_status":"open","sticky":false,"template":"","format":"standard","meta":{"_et_pb_use_builder":"on","_et_pb_old_content":"","_et_gb_content_width":"","footnotes":""},"categories":[27,124],"tags":[],"class_list":["post-5809","post","type-post","status-publish","format-standard","has-post-thumbnail","hentry","category-vida-autosuficient","category-vida-autosuficient-ca"],"yoast_head":"<!-- This site is optimized with the Yoast SEO plugin v20.8 - https:\/\/yoast.com\/wordpress\/plugins\/seo\/ -->\n<title>El mapa mental - Mandragora Cosm\u00e9tica<\/title>\n<meta name=\"robots\" content=\"index, follow, max-snippet:-1, max-image-preview:large, max-video-preview:-1\" \/>\n<link rel=\"canonical\" href=\"https:\/\/mandragoracosmetica.com\/ca\/el-mapa-mental\/\" \/>\n<meta property=\"og:locale\" content=\"ca_ES\" \/>\n<meta property=\"og:type\" content=\"article\" \/>\n<meta property=\"og:title\" content=\"El mapa mental - Mandragora Cosm\u00e9tica\" \/>\n<meta property=\"og:description\" content=\"&nbsp; Ya hace a\u00f1os que el tema de como representamos el mundo y la imagen que nos formamos de este me parece un tem\u00f3n y desde que tuve a mi primer hijo que el debate volvi\u00f3 a mi mente y a mi entorno. A veces os voy contando como surgi\u00f3 este proyecto y nunca repito [&hellip;]\" \/>\n<meta property=\"og:url\" content=\"https:\/\/mandragoracosmetica.com\/ca\/el-mapa-mental\/\" \/>\n<meta property=\"og:site_name\" content=\"Mandragora Cosm\u00e9tica\" \/>\n<meta property=\"article:published_time\" content=\"2023-03-02T10:14:52+00:00\" \/>\n<meta property=\"article:modified_time\" content=\"2023-03-06T15:25:22+00:00\" \/>\n<meta property=\"og:image\" content=\"https:\/\/mandragoracosmetica.com\/wp-content\/uploads\/2022\/02\/mapamundi.jpg\" \/>\n\t<meta property=\"og:image:width\" content=\"911\" \/>\n\t<meta property=\"og:image:height\" content=\"543\" \/>\n\t<meta property=\"og:image:type\" content=\"image\/jpeg\" \/>\n<meta name=\"author\" content=\"Mandragora\" \/>\n<meta name=\"twitter:card\" content=\"summary_large_image\" \/>\n<meta name=\"twitter:label1\" content=\"Escrit per\" \/>\n\t<meta name=\"twitter:data1\" content=\"Mandragora\" \/>\n\t<meta name=\"twitter:label2\" content=\"Temps estimat de lectura\" \/>\n\t<meta name=\"twitter:data2\" content=\"5 minuts\" \/>\n<script type=\"application\/ld+json\" class=\"yoast-schema-graph\">{\"@context\":\"https:\/\/schema.org\",\"@graph\":[{\"@type\":\"Article\",\"@id\":\"https:\/\/mandragoracosmetica.com\/ca\/el-mapa-mental\/#article\",\"isPartOf\":{\"@id\":\"https:\/\/mandragoracosmetica.com\/ca\/el-mapa-mental\/\"},\"author\":{\"name\":\"Mandragora\",\"@id\":\"https:\/\/mandragoracosmetica.com\/ca\/#\/schema\/person\/8013850636ba7ac36d11e6c619e9af6b\"},\"headline\":\"El mapa mental\",\"datePublished\":\"2023-03-02T10:14:52+00:00\",\"dateModified\":\"2023-03-06T15:25:22+00:00\",\"mainEntityOfPage\":{\"@id\":\"https:\/\/mandragoracosmetica.com\/ca\/el-mapa-mental\/\"},\"wordCount\":949,\"commentCount\":0,\"publisher\":{\"@id\":\"https:\/\/mandragoracosmetica.com\/ca\/#organization\"},\"articleSection\":[\"Vida autosuficient\",\"Vida autosuficient\"],\"inLanguage\":\"ca\",\"potentialAction\":[{\"@type\":\"CommentAction\",\"name\":\"Comment\",\"target\":[\"https:\/\/mandragoracosmetica.com\/ca\/el-mapa-mental\/#respond\"]}]},{\"@type\":\"WebPage\",\"@id\":\"https:\/\/mandragoracosmetica.com\/ca\/el-mapa-mental\/\",\"url\":\"https:\/\/mandragoracosmetica.com\/ca\/el-mapa-mental\/\",\"name\":\"El mapa mental - Mandragora Cosm\u00e9tica\",\"isPartOf\":{\"@id\":\"https:\/\/mandragoracosmetica.com\/ca\/#website\"},\"datePublished\":\"2023-03-02T10:14:52+00:00\",\"dateModified\":\"2023-03-06T15:25:22+00:00\",\"breadcrumb\":{\"@id\":\"https:\/\/mandragoracosmetica.com\/ca\/el-mapa-mental\/#breadcrumb\"},\"inLanguage\":\"ca\",\"potentialAction\":[{\"@type\":\"ReadAction\",\"target\":[\"https:\/\/mandragoracosmetica.com\/ca\/el-mapa-mental\/\"]}]},{\"@type\":\"BreadcrumbList\",\"@id\":\"https:\/\/mandragoracosmetica.com\/ca\/el-mapa-mental\/#breadcrumb\",\"itemListElement\":[{\"@type\":\"ListItem\",\"position\":1,\"name\":\"Portada\",\"item\":\"https:\/\/mandragoracosmetica.com\/ca\/inici-copia\/\"},{\"@type\":\"ListItem\",\"position\":2,\"name\":\"El mapa mental\"}]},{\"@type\":\"WebSite\",\"@id\":\"https:\/\/mandragoracosmetica.com\/ca\/#website\",\"url\":\"https:\/\/mandragoracosmetica.com\/ca\/\",\"name\":\"Mandragora Cosm\u00e9tica\",\"description\":\"Cosm\u00e9tica artesanal y org\u00e1nica elaborada con criterio natural y conservantes vegetales\",\"publisher\":{\"@id\":\"https:\/\/mandragoracosmetica.com\/ca\/#organization\"},\"potentialAction\":[{\"@type\":\"SearchAction\",\"target\":{\"@type\":\"EntryPoint\",\"urlTemplate\":\"https:\/\/mandragoracosmetica.com\/ca\/?s={search_term_string}\"},\"query-input\":\"required name=search_term_string\"}],\"inLanguage\":\"ca\"},{\"@type\":\"Organization\",\"@id\":\"https:\/\/mandragoracosmetica.com\/ca\/#organization\",\"name\":\"Mandragora - cosm\u00e9tica natural artesana\",\"url\":\"https:\/\/mandragoracosmetica.com\/ca\/\",\"logo\":{\"@type\":\"ImageObject\",\"inLanguage\":\"ca\",\"@id\":\"https:\/\/mandragoracosmetica.com\/ca\/#\/schema\/logo\/image\/\",\"url\":\"https:\/\/mandragoracosmetica.com\/wp-content\/uploads\/2019\/11\/logo-compost-text-petit-scaled.png\",\"contentUrl\":\"https:\/\/mandragoracosmetica.com\/wp-content\/uploads\/2019\/11\/logo-compost-text-petit-scaled.png\",\"width\":1200,\"height\":480,\"caption\":\"Mandragora - cosm\u00e9tica natural artesana\"},\"image\":{\"@id\":\"https:\/\/mandragoracosmetica.com\/ca\/#\/schema\/logo\/image\/\"}},{\"@type\":\"Person\",\"@id\":\"https:\/\/mandragoracosmetica.com\/ca\/#\/schema\/person\/8013850636ba7ac36d11e6c619e9af6b\",\"name\":\"Mandragora\",\"image\":{\"@type\":\"ImageObject\",\"inLanguage\":\"ca\",\"@id\":\"https:\/\/mandragoracosmetica.com\/ca\/#\/schema\/person\/image\/\",\"url\":\"https:\/\/secure.gravatar.com\/avatar\/d10e06c83dc425cff4c873c95644ce21aa35ab4c887e2cb3527a60e745575afb?s=96&d=mm&r=g\",\"contentUrl\":\"https:\/\/secure.gravatar.com\/avatar\/d10e06c83dc425cff4c873c95644ce21aa35ab4c887e2cb3527a60e745575afb?s=96&d=mm&r=g\",\"caption\":\"Mandragora\"},\"url\":\"https:\/\/mandragoracosmetica.com\/ca\/author\/mandragora\/\"}]}<\/script>\n<!-- \/ Yoast SEO plugin. -->","yoast_head_json":{"title":"El mapa mental - Mandragora Cosm\u00e9tica","robots":{"index":"index","follow":"follow","max-snippet":"max-snippet:-1","max-image-preview":"max-image-preview:large","max-video-preview":"max-video-preview:-1"},"canonical":"https:\/\/mandragoracosmetica.com\/ca\/el-mapa-mental\/","og_locale":"ca_ES","og_type":"article","og_title":"El mapa mental - Mandragora Cosm\u00e9tica","og_description":"&nbsp; Ya hace a\u00f1os que el tema de como representamos el mundo y la imagen que nos formamos de este me parece un tem\u00f3n y desde que tuve a mi primer hijo que el debate volvi\u00f3 a mi mente y a mi entorno. A veces os voy contando como surgi\u00f3 este proyecto y nunca repito [&hellip;]","og_url":"https:\/\/mandragoracosmetica.com\/ca\/el-mapa-mental\/","og_site_name":"Mandragora Cosm\u00e9tica","article_published_time":"2023-03-02T10:14:52+00:00","article_modified_time":"2023-03-06T15:25:22+00:00","og_image":[{"width":911,"height":543,"url":"https:\/\/mandragoracosmetica.com\/wp-content\/uploads\/2022\/02\/mapamundi.jpg","type":"image\/jpeg"}],"author":"Mandragora","twitter_card":"summary_large_image","twitter_misc":{"Escrit per":"Mandragora","Temps estimat de lectura":"5 minuts"},"schema":{"@context":"https:\/\/schema.org","@graph":[{"@type":"Article","@id":"https:\/\/mandragoracosmetica.com\/ca\/el-mapa-mental\/#article","isPartOf":{"@id":"https:\/\/mandragoracosmetica.com\/ca\/el-mapa-mental\/"},"author":{"name":"Mandragora","@id":"https:\/\/mandragoracosmetica.com\/ca\/#\/schema\/person\/8013850636ba7ac36d11e6c619e9af6b"},"headline":"El mapa mental","datePublished":"2023-03-02T10:14:52+00:00","dateModified":"2023-03-06T15:25:22+00:00","mainEntityOfPage":{"@id":"https:\/\/mandragoracosmetica.com\/ca\/el-mapa-mental\/"},"wordCount":949,"commentCount":0,"publisher":{"@id":"https:\/\/mandragoracosmetica.com\/ca\/#organization"},"articleSection":["Vida autosuficient","Vida autosuficient"],"inLanguage":"ca","potentialAction":[{"@type":"CommentAction","name":"Comment","target":["https:\/\/mandragoracosmetica.com\/ca\/el-mapa-mental\/#respond"]}]},{"@type":"WebPage","@id":"https:\/\/mandragoracosmetica.com\/ca\/el-mapa-mental\/","url":"https:\/\/mandragoracosmetica.com\/ca\/el-mapa-mental\/","name":"El mapa mental - Mandragora Cosm\u00e9tica","isPartOf":{"@id":"https:\/\/mandragoracosmetica.com\/ca\/#website"},"datePublished":"2023-03-02T10:14:52+00:00","dateModified":"2023-03-06T15:25:22+00:00","breadcrumb":{"@id":"https:\/\/mandragoracosmetica.com\/ca\/el-mapa-mental\/#breadcrumb"},"inLanguage":"ca","potentialAction":[{"@type":"ReadAction","target":["https:\/\/mandragoracosmetica.com\/ca\/el-mapa-mental\/"]}]},{"@type":"BreadcrumbList","@id":"https:\/\/mandragoracosmetica.com\/ca\/el-mapa-mental\/#breadcrumb","itemListElement":[{"@type":"ListItem","position":1,"name":"Portada","item":"https:\/\/mandragoracosmetica.com\/ca\/inici-copia\/"},{"@type":"ListItem","position":2,"name":"El mapa mental"}]},{"@type":"WebSite","@id":"https:\/\/mandragoracosmetica.com\/ca\/#website","url":"https:\/\/mandragoracosmetica.com\/ca\/","name":"Mandragora Cosm\u00e9tica","description":"Cosm\u00e9tica artesanal y org\u00e1nica elaborada con criterio natural y conservantes vegetales","publisher":{"@id":"https:\/\/mandragoracosmetica.com\/ca\/#organization"},"potentialAction":[{"@type":"SearchAction","target":{"@type":"EntryPoint","urlTemplate":"https:\/\/mandragoracosmetica.com\/ca\/?s={search_term_string}"},"query-input":"required name=search_term_string"}],"inLanguage":"ca"},{"@type":"Organization","@id":"https:\/\/mandragoracosmetica.com\/ca\/#organization","name":"Mandragora - cosm\u00e9tica natural artesana","url":"https:\/\/mandragoracosmetica.com\/ca\/","logo":{"@type":"ImageObject","inLanguage":"ca","@id":"https:\/\/mandragoracosmetica.com\/ca\/#\/schema\/logo\/image\/","url":"https:\/\/mandragoracosmetica.com\/wp-content\/uploads\/2019\/11\/logo-compost-text-petit-scaled.png","contentUrl":"https:\/\/mandragoracosmetica.com\/wp-content\/uploads\/2019\/11\/logo-compost-text-petit-scaled.png","width":1200,"height":480,"caption":"Mandragora - cosm\u00e9tica natural artesana"},"image":{"@id":"https:\/\/mandragoracosmetica.com\/ca\/#\/schema\/logo\/image\/"}},{"@type":"Person","@id":"https:\/\/mandragoracosmetica.com\/ca\/#\/schema\/person\/8013850636ba7ac36d11e6c619e9af6b","name":"Mandragora","image":{"@type":"ImageObject","inLanguage":"ca","@id":"https:\/\/mandragoracosmetica.com\/ca\/#\/schema\/person\/image\/","url":"https:\/\/secure.gravatar.com\/avatar\/d10e06c83dc425cff4c873c95644ce21aa35ab4c887e2cb3527a60e745575afb?s=96&d=mm&r=g","contentUrl":"https:\/\/secure.gravatar.com\/avatar\/d10e06c83dc425cff4c873c95644ce21aa35ab4c887e2cb3527a60e745575afb?s=96&d=mm&r=g","caption":"Mandragora"},"url":"https:\/\/mandragoracosmetica.com\/ca\/author\/mandragora\/"}]}},"_links":{"self":[{"href":"https:\/\/mandragoracosmetica.com\/ca\/wp-json\/wp\/v2\/posts\/5809","targetHints":{"allow":["GET"]}}],"collection":[{"href":"https:\/\/mandragoracosmetica.com\/ca\/wp-json\/wp\/v2\/posts"}],"about":[{"href":"https:\/\/mandragoracosmetica.com\/ca\/wp-json\/wp\/v2\/types\/post"}],"author":[{"embeddable":true,"href":"https:\/\/mandragoracosmetica.com\/ca\/wp-json\/wp\/v2\/users\/1"}],"replies":[{"embeddable":true,"href":"https:\/\/mandragoracosmetica.com\/ca\/wp-json\/wp\/v2\/comments?post=5809"}],"version-history":[{"count":12,"href":"https:\/\/mandragoracosmetica.com\/ca\/wp-json\/wp\/v2\/posts\/5809\/revisions"}],"predecessor-version":[{"id":5859,"href":"https:\/\/mandragoracosmetica.com\/ca\/wp-json\/wp\/v2\/posts\/5809\/revisions\/5859"}],"wp:featuredmedia":[{"embeddable":true,"href":"https:\/\/mandragoracosmetica.com\/ca\/wp-json\/wp\/v2\/media\/5847"}],"wp:attachment":[{"href":"https:\/\/mandragoracosmetica.com\/ca\/wp-json\/wp\/v2\/media?parent=5809"}],"wp:term":[{"taxonomy":"category","embeddable":true,"href":"https:\/\/mandragoracosmetica.com\/ca\/wp-json\/wp\/v2\/categories?post=5809"},{"taxonomy":"post_tag","embeddable":true,"href":"https:\/\/mandragoracosmetica.com\/ca\/wp-json\/wp\/v2\/tags?post=5809"}],"curies":[{"name":"wp","href":"https:\/\/api.w.org\/{rel}","templated":true}]}}